{"id":366154,"date":"2023-07-20T10:16:29","date_gmt":"2023-07-20T10:16:29","guid":{"rendered":"http:\/\/nal3.com\/central-de-contenidos\/el-valor-de-la-paraula\/"},"modified":"2023-07-27T10:07:23","modified_gmt":"2023-07-27T10:07:23","slug":"el-valor-de-la-paraula","status":"publish","type":"post","link":"https:\/\/nal3.com\/ca\/central-de-contenidos\/el-valor-de-la-paraula\/","title":{"rendered":"El valor (que ja no t\u00e9) de la paraula"},"content":{"rendered":"\t\t<div data-elementor-type=\"wp-post\" data-elementor-id=\"366154\" class=\"elementor elementor-366154 elementor-365341\" data-elementor-post-type=\"post\">\n\t\t\t\t<div class=\"elementor-element elementor-element-c7bd19e e-flex e-con-boxed e-con e-parent\" data-id=\"c7bd19e\" data-element_type=\"container\" data-e-type=\"container\">\n\t\t\t\t\t<div class=\"e-con-inner\">\n\t\t\t\t<div class=\"elementor-element elementor-element-be653c6 elementor-blockquote--skin-border elementor-widget elementor-widget-blockquote\" data-id=\"be653c6\" data-element_type=\"widget\" data-e-type=\"widget\" data-widget_type=\"blockquote.default\">\n\t\t\t\t\t\t\t<blockquote class=\"elementor-blockquote\">\n\t\t\t<p class=\"elementor-blockquote__content\">\n\t\t\t\tLa paraula \u00e9s el fil conductor de la nostra exist\u00e8ncia; amb ella donem sentit al m\u00f3n i creem ponts entre els \u00e9ssers humans.\t\t\t<\/p>\n\t\t\t\t\t\t\t<div class=\"e-q-footer\">\n\t\t\t\t\t\t\t\t\t\t\t<cite class=\"elementor-blockquote__author\">Josep Maria de Sagarra<\/cite>\n\t\t\t\t\t\t\t\t\t\t\t\t\t\t<\/div>\n\t\t\t\t\t<\/blockquote>\n\t\t\t\t\t\t<\/div>\n\t\t\t\t<div class=\"elementor-element elementor-element-71fc800 elementor-widget elementor-widget-text-editor\" data-id=\"71fc800\" data-element_type=\"widget\" data-e-type=\"widget\" data-widget_type=\"text-editor.default\">\n\t\t\t\t\t\t\t\t\t<p class=\"MsoNormal\"><span lang=\"ES-TRAD\">La paraula, aquell instrument que utilitzem les persones per comunicar-nos, ha estat sempre considerada un pilar fonamental de la nostra societat Tot i aix\u00f2, en alguns \u00e0mbits, sembla que el seu valor s&#8217;ha esva\u00eft amb el pas del temps. Aix\u00ed doncs, en un escenari on la paraula sembla tenir cada cop menys valor,<b>\u00e9s essencial reflexionar sobre les conseq\u00fc\u00e8ncies d&#8217;aquesta realitat en la confian\u00e7a i estabilitat del nostre sistema social i pol\u00edtic<\/b>.<\/span><\/p>\n<h2>Com era all\u00f2: mentir o rectificar?<\/h2>\n<p>Per comen\u00e7ar, deixeu-me que recuperi un parell d&#8217;an\u00e8cdotes \u2013que no seran c\u00e8lebres, per\u00f2 s\u00ed il\u00b7lustratives\u2013 sorgides durant la darrera campanya electoral i protagonitzades per dos dels candidats a la presid\u00e8ncia del Govern: Pedro S\u00e1nchez i Alberto N\u00fa\u00f1ez Feij\u00f3o. El primer d&#8217;ells, durant la seva participaci\u00f3 en el programa <em>El Hormiguero<\/em> de Pablo Motos va afirmar davant el recordatori d&#8217;una promesa no complerta que \u201cno es tracta de mentir, sin\u00f3 de rectificar\u201d. El segon, de visita al mateix programa, va afirmar que el seu partit &#8220;sempre ha incrementat les pensions d&#8217;acord amb l&#8217;IPC\u201d, un fet equ\u00edvoc. Davant la falsedat de l&#8217;afirmaci\u00f3 va acabar dient &#8220;vaig cometre una inexactitud&#8221;.<\/p>\n<p>Mentir, rectificar, inexactitud\u2026 Repassem les definicions que ens ofereix el DIEC:<\/p>\n<ul>\n<li><strong>Mentir<\/strong>: fer cientment, volunt\u00e0riament, una asserci\u00f3 contr\u00e0ria a la veritat.<\/li>\n<li><strong>Rectificar<\/strong>: esmenar (un error, una falsedat, etc.).<\/li>\n<li><strong>Inexactitud<\/strong>: qualitat d&#8217;inexacte, manca d&#8217;exactitud..<\/li>\n<\/ul>\n<p>Ah! Que b\u00e9 m&#8217;hauria anat als meus 16 anys poder &#8220;rectificar&#8221; o ser &#8220;inexacta&#8221; davant dels meus pares quan m&#8217;enxampaven mentint\ud83d\ude09.<\/p>\n<p>Per\u00f2 no ho centrem exclusivament en la mentira o en els senyors S\u00e1nchez o Feij\u00f3o. De fet, no ho personalitzem en ning\u00fa en concret. Subestimem el valor de les paraules. Malauradament, fer servir paraules a la babal\u00e0 \u00e9s una pr\u00e0ctica habitual en els darrers temps, sobretot, a l&#8217;entorn pol\u00edtic i, m\u00e9s acusat encara, en qualsevol proc\u00e9s electoral.<\/p>\n<p>Promeses, mentides, boles, falsedats, quimeres, fal\u00b7l\u00e0cies, esperances, voluntats i un llargu\u00edssim etc\u00e8tera. <strong>Perqu\u00e8 tot s&#8217;hi val i, amb aix\u00f2, la paraula perd el valor<\/strong>. Perqu\u00e8 el que diuen, despr\u00e9s ho desdiuen; perqu\u00e8 el que prometen, m\u00e9s tard no ho compleixen; perqu\u00e8 a la pol\u00edtica tot s&#8217;hi val i perqu\u00e8 <em>qui dia passa, any empeny i si t\u2019he vist, no me\u2019n recordo.<\/em><\/p>\n<p>Per\u00f2 continuem lloant la paraula.<\/p>\n<p>Com escriu la Laura Ferrero a la seva novel\u00b7la <em>Los astronautas<\/em>, &#8220;les paraules tenen clares implicacions&#8221;, \u00e9s a dir, que <strong>a m\u00e9s del seu valor literal, la paraula incorpora determinades implicacions en funci\u00f3 del context en qu\u00e8 se l&#8217;inclou<\/strong>. Avui, aquestes implicacions s\u00f3n subtils, cada cop m\u00e9s petites i borroses, i per aix\u00f2, el valor es perd i acaba difuminant-se.<\/p>\n<p>No \u00e9s nom\u00e9s un problema del significat de la paraula, sin\u00f3 tamb\u00e9 de qui l&#8217;expressa i del moment en qu\u00e8 ho fa. \u00c9s a dir, que la paraula, encara que pugui tenir un significat literal, t\u00e9 m\u00e9s o menys responsabilitat en funci\u00f3 de qui la diu. Si b\u00e9 \u00e9s cert que les paraules es poden incomplir sense conseq\u00fc\u00e8ncies aparents, cada persona t\u00e9 la responsabilitat individual de mantenir la seva paraula i actuar amb honestedat i coher\u00e8ncia.<\/p>\n<\/p>\n<h2>De prometre a complir hi ha molt a dir<\/h2>\n<p>Torno a l&#8217;origen que ha donat vida a aquest text per afirmar que aix\u00ed \u00e9s: mentir en pol\u00edtica no t\u00e9 conseq\u00fc\u00e8ncies. No passa res si mentim i prometem en va. Tot i aix\u00f2, no estic segura que passi el mateix en altres \u00e0mbits, de fet, crec que avui en dia tindria m\u00e9s conseq\u00fc\u00e8ncies que el meu advocat, el meu metge, el meu gestor o el meu fruiter, em mentissin.<\/p>\n<p>\u201cEt dono la meva paraula\u201d. Sembla que molts s&#8217;han oblidat de la profunditat d&#8217;aquesta expressi\u00f3. Es tracta d&#8217;un pacte gens t\u00e0cit, un comprom\u00eds fundat en una aposta en qu\u00e8 es posa en joc la fiabilitat i la integritat de qui promet. Faltar a la paraula, mentir, devalua aquestes virtuts i, fins i tot, acaben sent oferta per a terceres persones que pugen al millor postor la paraula dels altres a preu de ganga. En qualsevol cas, potser no est\u00e0 de m\u00e9s recordar com a base de mentir i divertir-se en la facilitat de fer-ho, el llop del conte va acabar menjant-se a les ovelles o, depenent de la versi\u00f3, fins i tot al pastor.<\/p>\n<p>Potser l&#8217;\u00fas banal de la paraula \u00e9s la prova evident que el discurs pol\u00edtic \u00e9s un instrument programat per manipular-nos i la paraula, amb aix\u00f2, ha perdut la seva ess\u00e8ncia com a garant de la veritat. <strong>Que ens donin la seva paraula, avui, no t\u00e9 cap valor<\/strong>.<\/p>\n\t\t\t\t\t\t\t\t<\/div>\n\t\t\t\t\t<\/div>\n\t\t\t\t<\/div>\n\t\t\t\t<\/div>\n\t\t","protected":false},"excerpt":{"rendered":"<p>La paraula, aquell instrument que utilitzem les persones per comunicar-nos, ha estat sempre considerada un pilar fonamental de la nostra societat Tot i aix\u00f2, en alguns \u00e0mbits, sembla que el seu valor s&#8217;ha esva\u00eft amb el pas del temps. Aix\u00ed doncs, en un escenari on la paraula sembla tenir cada cop menys valor, \u00e9s essencial reflexionar sobre les conseq\u00fc\u00e8ncies d&#8217;aquesta realitat en la confian\u00e7a i estabilitat del nostre sistema social i pol\u00edtic.<\/p>\n","protected":false},"author":3,"featured_media":365351,"comment_status":"open","ping_status":"open","sticky":false,"template":"","format":"standard","meta":{"_acf_changed":false,"footnotes":""},"categories":[617],"tags":[],"class_list":["post-366154","post","type-post","status-publish","format-standard","has-post-thumbnail","hentry","category-cas-destudi"],"acf":[],"_links":{"self":[{"href":"https:\/\/nal3.com\/ca\/wp-json\/wp\/v2\/posts\/366154","targetHints":{"allow":["GET"]}}],"collection":[{"href":"https:\/\/nal3.com\/ca\/wp-json\/wp\/v2\/posts"}],"about":[{"href":"https:\/\/nal3.com\/ca\/wp-json\/wp\/v2\/types\/post"}],"author":[{"embeddable":true,"href":"https:\/\/nal3.com\/ca\/wp-json\/wp\/v2\/users\/3"}],"replies":[{"embeddable":true,"href":"https:\/\/nal3.com\/ca\/wp-json\/wp\/v2\/comments?post=366154"}],"version-history":[{"count":0,"href":"https:\/\/nal3.com\/ca\/wp-json\/wp\/v2\/posts\/366154\/revisions"}],"wp:featuredmedia":[{"embeddable":true,"href":"https:\/\/nal3.com\/ca\/wp-json\/wp\/v2\/media\/365351"}],"wp:attachment":[{"href":"https:\/\/nal3.com\/ca\/wp-json\/wp\/v2\/media?parent=366154"}],"wp:term":[{"taxonomy":"category","embeddable":true,"href":"https:\/\/nal3.com\/ca\/wp-json\/wp\/v2\/categories?post=366154"},{"taxonomy":"post_tag","embeddable":true,"href":"https:\/\/nal3.com\/ca\/wp-json\/wp\/v2\/tags?post=366154"}],"curies":[{"name":"wp","href":"https:\/\/api.w.org\/{rel}","templated":true}]}}