{"id":7292,"date":"2016-07-04T07:02:45","date_gmt":"2016-07-04T05:02:45","guid":{"rendered":"http:\/\/nal3.com\/organitzacio-desdeveniments-que-hi-ha-algun-metge-a-la-sala-tatreveixes-a-reunir-ne-1-750-en-un-esdeveniment\/"},"modified":"2023-01-18T09:13:16","modified_gmt":"2023-01-18T09:13:16","slug":"organitzacio-desdeveniments-que-hi-ha-algun-metge-a-la-sala-tatreveixes-a-reunir-ne-1-750-en-un-esdeveniment","status":"publish","type":"post","link":"https:\/\/nal3.com\/ca\/central-de-contenidos\/organitzacio-desdeveniments-que-hi-ha-algun-metge-a-la-sala-tatreveixes-a-reunir-ne-1-750-en-un-esdeveniment\/","title":{"rendered":"Organitzaci\u00f3 d&#8217;esdeveniments: Que hi ha algun metge a la sala? T\u2019atreveixes a reunir-ne 1.750 en un esdeveniment?"},"content":{"rendered":"<p><strong>Per:<\/strong> Oriol Conesa<\/p>\n<p>La complexitat d\u2019organitzar una cita destinada a un p\u00fablic exigent no \u00e9s excusa per no afrontar-la. A l&#8217;ag\u00e8ncia de comunicaci\u00f3 Nal3 Comunicaci\u00f3\u00a0van acceptar el repte i vam convocar la comunitat m\u00e8dica per recordar la figura del Dr. Espriu, un personatge avan\u00e7at al seu temps que va saber redefinir en termes d\u2019igualtat la relaci\u00f3 entre metge i pacient.<\/p>\n<p>Els <strong>professionals de la sanitat<\/strong> conformen un extens col\u00b7lectiu els membres del qual, tot i les diferents especialitats en qu\u00e8 es divideixen, comparteixen algunes caracter\u00edstiques comunes, com la seva exig\u00e8ncia i els seus amplis coneixements, sovint lligats a un nivell cultural alt. Per aix\u00f2, quan els destinataris d\u2019un esdeveniment s\u00f3n metges, a m\u00e9s d\u2019<strong>adaptar la proposta als seus interessos<\/strong> (condici\u00f3 que s\u2019ha de complir en qualsevol sup\u00f2sit), el resultat no admet un grau inferior al seu <strong>gust per la perfecci\u00f3<\/strong>.<\/p>\n<h2>Organitzant un gran esdeveniment<\/h2>\n<p>Coneixes el cooperativisme sanitari?<\/p>\n<p>El <a href=\"https:\/\/ca.wikipedia.org\/wiki\/Josep_Espriu_i_Castell%C3%B3\" target=\"_blank\" rel=\"noopener noreferrer\">Dr. Josep Espriu<\/a> va ser un metge destacat que va idear el cooperativisme sanitari, un model que es basa en l\u2019autogesti\u00f3 dels professionals dins d\u2019una organitzaci\u00f3 cooperativa. En la <strong>celebraci\u00f3 del seu centenari<\/strong>, la <a href=\"http:\/\/www.fundacionespriu.coop\/?lang=ca\" target=\"_blank\" rel=\"noopener noreferrer\" type=\"Fundaci\u00f3n Espriu\">fundaci\u00f3<\/a> que porta el seu nom va voler posar de manifest la plena vig\u00e8ncia dels valors i el model de cooperativisme sanitari, un projecte social i empresarial d\u2019\u00e8xit i encara avui innovador. L\u2019any d\u2019homenatges va culminar amb un gran <strong>acte institucional i multitudinari<\/strong> que havia de visualitzar la for\u00e7a de les seves idees i, sobre tot, complaure un p\u00fablic majorit\u00e0riament format per <strong>metges i autoritats<\/strong>.<\/p>\n<p><strong>Nal3 es va fer c\u00e0rrec \u00edntegrament de l\u2019esdeveniment<\/strong>, des del seu disseny inicial fins a la difusi\u00f3 posterior, passant per la gesti\u00f3 d\u2019invitacions i protocol, la confirmaci\u00f3 d\u2019assist\u00e8ncia, la coordinaci\u00f3 dels equips implicats o la producci\u00f3 de l\u2019espectacle, entre altres funcions.<\/p>\n<h2 style=\"border: 10px; padding: 35px; margin-bottom: 20px; line-height: 1.3em; background-color: #ffff00;\">Potser t&#8217;interessi:\u00a0Organitzaci\u00f3 d&#8217;esdeveniments: Funcions de la secretaria t\u00e8cnica d&#8217;un congr\u00e9s<\/h2>\n<h2><strong>La producci\u00f3 de l\u2019esdeveniment<\/strong><\/h2>\n<p>El punt de partida de tot el proc\u00e9s creatiu va ser, precisament, una altra de les caracter\u00edstiques de les quals fa gala la professi\u00f3 m\u00e8dica: l\u2019empatia amb el pacient, saber escoltar. I, com que es tractava d\u2019\u201cescoltar\u201d, el plat fort de l\u2019acte va ser una <strong>actuaci\u00f3 musical d\u2019excepci\u00f3<\/strong>: Beethoven i Rakhm\u00e0ninov, una aposta guanyadora. I el marc escollit, l\u2019Auditori de Barcelona, amb espais on destaquen l\u2019arquitectura d\u2019avantguarda i una qualitat ac\u00fastica excepcional.<\/p>\n<p>L\u2019acte central d\u2019homenatge al Dr. Espriu es va fixar en una data i un horari que no entorpissin l\u2019activitat dels professionals sanitaris i, un cop definit el leitmotiv de la cita, el <strong>programa<\/strong> va sorgir gaireb\u00e9 de forma natural: projecci\u00f3 d\u2019un emotiu documental realitzat per a l\u2019ocasi\u00f3, parlaments de les autoritats, concert de l\u2019Orquestra Simf\u00f2nica del Vall\u00e8s i c\u00f2ctel-sopar. <strong>M\u00e9s de 1.750 persones<\/strong> van acudir a una <a href=\"https:\/\/www.youtube.com\/watch?v=-XMOCmbjnqQ\" target=\"_blank\" rel=\"noopener\">vetllada<\/a> que va deixar empremta en el record de tots els assistents.<\/p>\n<p>Sens dubte, tot i l\u2019exig\u00e8ncia de la situaci\u00f3, aquell dia es van acomplir les expectatives i l\u2019acte va ser capa\u00e7 de <strong>transmetre l\u2019ess\u00e8ncia del cooperativisme sanitari<\/strong>, una realitat amb un pes molt destacat en l\u2019\u00e0mbit de la salut que nom\u00e9s a Espanya engloba 32.000 professionals sanitaris, 14 cl\u00edniques i hospitals, 48 centres m\u00e8dics i unitats de diagn\u00f2stic, 20.000 llits d\u2019hospitalitzaci\u00f3, 11 milions de visites m\u00e8diques o revisions realitzades cada any, 20.000 metges, 2 milions d\u2019associats i 6.000 llocs de treball directes.<\/p>\n<p class=\"rtecenter\"><iframe src=\"https:\/\/www.youtube.com\/embed\/-XMOCmbjnqQ\" width=\"560\" height=\"315\" frameborder=\"0\" allowfullscreen=\"allowfullscreen\"><\/iframe><\/p>\n","protected":false},"excerpt":{"rendered":"<p>La complexitat d\u2019organitzar una cita destinada a un p\u00fablic exigent no \u00e9s excusa per no afrontar-la. A l&#8217;ag\u00e8ncia de comunicaci\u00f3 Nal3 Comunicaci\u00f3 van acceptar el repte i vam convocar la comunitat m\u00e8dica per recordar la figura del Dr. Espriu, un personatge avan\u00e7at al seu temps que va saber redefinir en termes d\u2019igualtat la relaci\u00f3 entre metge i pacient.<\/p>\n","protected":false},"author":2,"featured_media":359038,"comment_status":"open","ping_status":"open","sticky":false,"template":"","format":"standard","meta":{"_acf_changed":false,"footnotes":""},"categories":[617],"tags":[],"class_list":["post-7292","post","type-post","status-publish","format-standard","has-post-thumbnail","hentry","category-cas-destudi"],"acf":[],"_links":{"self":[{"href":"https:\/\/nal3.com\/ca\/wp-json\/wp\/v2\/posts\/7292","targetHints":{"allow":["GET"]}}],"collection":[{"href":"https:\/\/nal3.com\/ca\/wp-json\/wp\/v2\/posts"}],"about":[{"href":"https:\/\/nal3.com\/ca\/wp-json\/wp\/v2\/types\/post"}],"author":[{"embeddable":true,"href":"https:\/\/nal3.com\/ca\/wp-json\/wp\/v2\/users\/2"}],"replies":[{"embeddable":true,"href":"https:\/\/nal3.com\/ca\/wp-json\/wp\/v2\/comments?post=7292"}],"version-history":[{"count":0,"href":"https:\/\/nal3.com\/ca\/wp-json\/wp\/v2\/posts\/7292\/revisions"}],"wp:featuredmedia":[{"embeddable":true,"href":"https:\/\/nal3.com\/ca\/wp-json\/wp\/v2\/media\/359038"}],"wp:attachment":[{"href":"https:\/\/nal3.com\/ca\/wp-json\/wp\/v2\/media?parent=7292"}],"wp:term":[{"taxonomy":"category","embeddable":true,"href":"https:\/\/nal3.com\/ca\/wp-json\/wp\/v2\/categories?post=7292"},{"taxonomy":"post_tag","embeddable":true,"href":"https:\/\/nal3.com\/ca\/wp-json\/wp\/v2\/tags?post=7292"}],"curies":[{"name":"wp","href":"https:\/\/api.w.org\/{rel}","templated":true}]}}