{"id":7302,"date":"2016-09-30T10:42:36","date_gmt":"2016-09-30T08:42:36","guid":{"rendered":"http:\/\/nal3.com\/organitzacio-desdeveniments-10-llocs-originals-per-organitzar-grans-esdeveniments-a-europa\/"},"modified":"2023-10-03T15:59:36","modified_gmt":"2023-10-03T13:59:36","slug":"organitzacio-desdeveniments-10-llocs-originals-per-organitzar-grans-esdeveniments-a-europa","status":"publish","type":"post","link":"https:\/\/nal3.com\/ca\/central-de-contenidos\/organitzacio-desdeveniments-10-llocs-originals-per-organitzar-grans-esdeveniments-a-europa\/","title":{"rendered":"Organitzaci\u00f3 d&#8217;esdeveniments: 10 llocs originals per organitzar grans esdeveniments a Europa"},"content":{"rendered":"<p><strong>Per:<\/strong> Selva L\u00f3pez<\/p>\n<p><strong>Organitzar un esdeveniment empresarial de grans dimensions <\/strong>no \u00e9s una tasca senzilla, i encara menys si volem donar-li un aire innovador i sorprendre amb un espai original. Malgrat que a Europa les limitacions d\u2019espai poden reduir les opcions, et podem garantir que hi ha vida m\u00e9s enll\u00e0 dels<strong> grans recintes firals<\/strong>.<\/p>\n<p>Posem per cas que es l\u2019aniversari de la fundaci\u00f3 de la teva empresa i t\u2019han encarregat dirigir <strong>l\u2019organitzaci\u00f3 d\u2019aquest esdeveniment <\/strong>al qual assistiran m\u00e9s de 1.000 persones. El repte es, sense dubte, emocionant i decideixes sorprendre als assistents amb una proposta inusual, per\u00f2 al preparar la llista de tasques apareix el gran dilema: <strong>quin \u00e9s el millor lloc per organitzar un esdeveniment internacional d\u2019aquest abast?<\/strong><\/p>\n<h2 class=\"rtecenter\">Potser t&#8217;interessi llegir\u00a0Funcions de la secretaria t\u00e8cnica d&#8217;un congr\u00e9s<\/h2>\n<p>Abans d\u2019escollir el lloc, hem de tenir en compte <strong>el tipus d\u2019esdeveniment<\/strong>, el programa i els assistents. Tots s\u00f3n <strong>esdeveniments corporatius<\/strong>, per\u00f2 no tindran els mateixos requisits un <strong>congr\u00e9s m\u00e8dic, un sopar de feina d\u2019una multinacional tecnol\u00f2gica o una s\u00e8rie de workshops creatius<\/strong>. Per aix\u00f2, des de <strong>l\u2019Ag\u00e8ncia Nal3 Comunicaci\u00f3<\/strong> et proposem<strong> 10 espais originals\u00a0 per organitzar diferents esdeveniments empresarials. <\/strong>Mil assistents s\u00f3n molts, per aix\u00f2 totes les propostes compleixen amb un requisit clau: estar ben comunicats.<\/p>\n<h2 class=\"rtecenter\"><strong>Espais hist\u00f2rics per a esdeveniments amb encant:<\/strong><\/h2>\n<h2>1. <a href=\"http:\/\/www.beursvanberlage.com\/\" target=\"_blank\" rel=\"nofollow noopener\">Beurs van Berlage<\/a>, Amsterdam (Pa\u00efsos Baixos):<\/h2>\n<h2><\/h2>\n<p>Edifici singular constru\u00eft el 1896 per acollir la Borsa d\u2019Amsterdam. El seu gran valor arquitect\u00f2nic reflecteix l\u2019estil de la ciutat i el converteix en una excel\u00b7lent opci\u00f3 per <strong>organitzar un esdeveniment original <\/strong>de marcada est\u00e8tica holandesa. S\u00f3n 4.500 m2 dividits en 21 sales de reunions que disposen de tots els serveis. A m\u00e9s a m\u00e9s, l\u2019espai t\u00e9 una ubicaci\u00f3 immillorable, just al centre hist\u00f2ric de la ciutat, al costat de l\u2019Estaci\u00f3 Central de Trens.<\/p>\n<ul>\n<li><strong>Capacitat: fins a 1.300 persones.<\/strong><\/li>\n<\/ul>\n<h2>2. <a href=\"http:\/\/m-b.se\/en\/\" target=\"_blank\" rel=\"nofollow noopener\">M\u00fcnchenbryggeriet<\/a>, Estocolm (Su\u00e8cia):<\/h2>\n<p>Antiga f\u00e0brica de cervesa transformada en <strong>espai per a esdeveniments i confer\u00e8ncies<\/strong>. Disposa de m\u00e9s de 6.000 m2 distribu\u00efts en 14 espais polivalents (sales de confer\u00e8ncies i halls), que compten amb totes les facilitats i conserven el patrimoni hist\u00f2ric de l\u2019antiga f\u00e0brica. I encara m\u00e9s, les terrasses de l\u2019edifici amb vistes al centre de la ciutat i al mar, fan que sigui un espai molt atractiu per a tot tipus d\u2019esdeveniments.<\/p>\n<ul>\n<li><strong>Capacitat: fins a 2.600 persones.<\/strong><\/li>\n<\/ul>\n<h2>3. <a href=\"http:\/\/www.eventbrewery.eu\" target=\"_blank\" rel=\"nofollow noopener\">Brussels Event Brewery<\/a>, Brussel\u00b7les (B\u00e8lgica):<\/h2>\n<p>Seguim amb les f\u00e0briques de cervesa, doncs les seves grans dimensions i la combinaci\u00f3 de tradici\u00f3 i funcionalitat, les converteixen en <strong>espais molt apropiats per a esdeveniments<\/strong>. Aquesta antiga \u201cbrewerly\u201d va ser transformada en un edifici dedicat exclusivament a esdeveniments i consta de 3 estudis multifuncionals, un gran espai rodejat per una espectacular escala en espiral i una galeria situada a la planta baixa. Es tracta d\u2019un lloc polivalent de marcada est\u00e8tica industrial, que pot donar un aire \u00fanic al teu esdeveniment.<\/p>\n<ul>\n<li><strong>Capacitat:\u00a0 fins a 3.000 persones.<\/strong><\/li>\n<\/ul>\n<h2 class=\"rtecenter\">Potser t&#8217;interessi llegir\u00a0Organitzaci\u00f3 d&#8217;esdeveniments: Que hi ha algun metge a la sala? T\u2019atreveixes a reunir-ne 1.750 en un esdeveniment?<\/h2>\n<h2>4. <a href=\"http:\/\/www.firenzefiera.it\/\" target=\"_blank\" rel=\"nofollow noopener\">Fortezza da Basso<\/a>, Flor\u00e8ncia (It\u00e0lia):<\/h2>\n<p>Aquesta edificaci\u00f3 de 80.000 m2, situada a pocs minuts del centre de Flor\u00e8ncia, \u00e9s tot un homenatge a l\u2019arquitectura renaixentista. Es tracta de l\u2019escenari per excel\u00b7l\u00e8ncia dels <strong>grans esdeveniments<\/strong> de la ciutat italiana i, lluny de ser un centre de congressos convencional, la Fortezza da Basso combina construccions hist\u00f2riques amb pavellons moderns. A m\u00e9s a m\u00e9s, compta amb una amplia \u00e0rea exterior, que la converteix en un espai molt polivalent per a tot tipus d\u2019esdeveniments.<\/p>\n<ul>\n<li><strong>Capacitat: 3.500 persones.<\/strong><\/li>\n<\/ul>\n<h2>5. <a href=\"http:\/\/www.maisondelamutualite.com\/\" target=\"_blank\" rel=\"nofollow noopener\">Maison de la Mutualit\u00e9<\/a>, Paris (Fran\u00e7a):<\/h2>\n<p>Aquest edifici emblem\u00e0tic situat en el fam\u00f3s Quartier Latin de Paris, a la riba del Sena, disposa d\u2019un gran teatre que al llarg dels seus 80 anys ha acollit personalitats c\u00e8lebres com Charlie Chaplin. L\u2019estructura del teatre pot adaptar-se a diferents formats, des de<strong> presentacions de producte, a espectacles o sopars d\u2019empresa<\/strong>.<\/p>\n<ul>\n<li><strong><strong>Capacitat: 1.728 persones assegudes en format teatre<\/strong>.<\/strong><\/li>\n<\/ul>\n<h2 class=\"rtecenter\"><strong>Espais de disseny per a esdeveniments creatius<\/strong><strong>:<\/strong><\/h2>\n<h2>6. <a href=\"http:\/\/www.mataderomadrid.org\/\" target=\"_blank\" rel=\"nofollow noopener\">Matadero Madrid<\/a>, Madrid (Espanya)<\/h2>\n<p>Laboratori de creaci\u00f3 i espai de tend\u00e8ncia a la capital espanyola. Aquest antic escorxador industrial s\u2019ha transformat en un edifici innovador i alternatiu, mereixedor del premi FAD 2012 d\u2019arquitectura. Malgrat no tenir capacitat suficient per acollir <strong>1.000 persones en un \u00fanic espai<\/strong>, l\u2019hem incl\u00f2s en la nostra selecci\u00f3, ja que compta amb una est\u00e0ncia singular que ofereix moltes possibilitats. Ens referim a la Nave 16, de 4.000 m2 i capacitat per a 980 persones. Recomanem comprovar la disponibilitat amb antelaci\u00f3, degut a les freq\u00fcents activitats que s\u2019hi duen a terme.<\/p>\n<ul>\n<li><strong>Capacitat: 980 persones.<\/strong><\/li>\n<\/ul>\n<h2>7. <a href=\"http:\/\/www.fischauktionshalle.com\/\" target=\"_blank\" rel=\"nofollow noopener\">Altonaer Fischauktionshalle<\/a>, Hamburg (Alemanya):<\/h2>\n<p>Aquest gran espai de caire industrial est\u00e0 situat al centre d\u2019Hamburg, a la vora del riu Elba, i es un dels s\u00edmbols de la ciutat alemanya. L\u2019edifici, inaugurat el 1896, va ser durant molts anys un mercat de peix i, actualment, acull <strong>grans esdeveniments de totes les classes.<\/strong> Disposa de 3.500 m2 \u00fatils dividits en un gran hall i dues galeries situades a dos nivells. El seu passat industrial es barreja amb les \u00faltimes tend\u00e8ncies en disseny, amb la qual cosa esdev\u00e9 un espai molt interessant\u00a0 per organitzar esdeveniments amb estil.<\/p>\n<ul>\n<li><strong><strong>Capacitat: 1.200 persones assegudes i 3.500 en format recepci\u00f3<\/strong>.<\/strong><\/li>\n<\/ul>\n<h2 class=\"rtecenter\"><strong>Espais per a esdeveniments formals, com ara convencions congressos o exposicions<\/strong><strong>:<\/strong><\/h2>\n<h2>8. <a href=\"http:\/\/www.ccib.es\" target=\"_blank\" rel=\"nofollow noopener\">Centre de Convencions internacional de Barcelona (CCIB)<\/a>, Barcelona, Espanya:<\/h2>\n<p>Inaugurat el 2004 amb el F\u00f2rum Universal de les Cultures, el CCIB \u00e9s un espai emblem\u00e0tic, de gran valor arquitect\u00f2nic, situat en un dels districtes m\u00e9s moderns de la ciutat. La seva ubicaci\u00f3 privilegiada davant del mar i les seves instal\u00b7lacions innovadores el converteixen en una molt bona opci\u00f3 per <strong>organitzar esdeveniments de grans dimensions.<\/strong> En total s\u00f3n 100.000 m2 dividits entre el Centre de Convencions i l\u2019Auditori F\u00f2rum, units per una rambla subterr\u00e0nia. Ambd\u00f3s edificis compten amb espais polivalents, a m\u00e9s d\u2019una extensa zona exterior amb possibilitats infinites.<\/p>\n<ul>\n<li><strong>Capacitat: 3.140 persones.<\/strong><\/li>\n<\/ul>\n<h2>9. <a href=\"http:\/\/www.bellacentercopenhagen.dk\/\" target=\"_blank\" rel=\"nofollow noopener\">Bella Center<\/a>, Copenhaguen (Dinamarca):<\/h2>\n<p>Centre de congressos, confer\u00e8ncies i exhibicions m\u00e9s gran d\u2019Escandin\u00e0via, situat a tan sols 8 km de la capital danesa i a\u00a0 6 km de l\u2019aeroport. L\u2019edifici \u00e9s especial pel seu disseny exclusiu i compta amb totes les facilitats. S\u00f3n 121.800 m2 repartits en espais multifuncionals que ofereixen totes les possibilitats imaginables. La zona est\u00e0 rodejada d\u2019un centre comercial i un gran parc, a m\u00e9s d\u2019una amplia oferta d\u2019allotjament. \u00c9s molt adequat per a <strong>esdeveniments amb un elevat nombre d\u2019assistents<\/strong>.<\/p>\n<ul>\n<li><strong><strong>Capacitat: fins a 20.000 persones<\/strong>.<\/strong><\/li>\n<\/ul>\n<h2>10. <a href=\"http:\/\/www.kursaal.eus\/es\/\" target=\"_blank\" rel=\"nofollow noopener\">Kursaal<\/a>, San Sebasti\u00e0 (Espanya):<\/h2>\n<p>Complex arquitect\u00f2nic compost per un<strong> auditori, una gran sala de c\u00e0mera i m\u00faltiples espais polivalents<\/strong> amb grans vistes a la platja i a la desembocadura del riu Urumea. Es tracta d\u2019un centre modern de m\u00e9s de 5.000 m2 equipat amb tots els serveis. Cada any, a finals de setembre es converteix en la seu del Festival Internacional de Cine de San Sebasti\u00e1n.<\/p>\n<ul>\n<li><strong>Capacitat: fins a 1.806 persones.<\/strong><\/li>\n<\/ul>\n<p>Aquestes propostes demostren que \u00e9s possible reunir un n\u00famero considerable d\u2019assistents, tant en<strong> centres de convencions com en llocs hist\u00f2rics o inusuals<\/strong>, que comptin amb un disseny original i disposin de tots els serveis. Les possibilitats van m\u00e9s enll\u00e0 dels <strong>grans recintes firals<\/strong> de Frankfurt, Londres o Mil\u00e0 i estem conven\u00e7uts que, amb organitzaci\u00f3 i creativitat, es pot sorprendre als participants.<\/p>\n<p>A<strong> L\u2019Ag\u00e8ncia de Comunicaci\u00f3 Nal3 Comunicaci\u00f3 organitzem esdeveniments personalitzats<\/strong> per els nostres clients, cuidant cada detall perqu\u00e8, tant la <strong>producci\u00f3 com el desenvolupament de l\u2019esdeveniment<\/strong>, siguin una experi\u00e8ncia m\u00e9s que satisfact\u00f2ria.<\/p>\n","protected":false},"excerpt":{"rendered":"<p>Organitzar un esdeveniment empresarial de grans dimensions no \u00e9s una tasca senzilla, i encara menys si volem donar-li un aire innovador i sorprendre amb un espai original. Malgrat que a Europa les limitacions d\u2019espai poden reduir les opcions, et podem garantir que hi ha vida m\u00e9s enll\u00e0 dels grans recintes firals.<\/p>\n","protected":false},"author":2,"featured_media":359132,"comment_status":"open","ping_status":"open","sticky":false,"template":"","format":"standard","meta":{"_acf_changed":false,"footnotes":""},"categories":[617],"tags":[],"class_list":["post-7302","post","type-post","status-publish","format-standard","has-post-thumbnail","hentry","category-cas-destudi"],"acf":[],"_links":{"self":[{"href":"https:\/\/nal3.com\/ca\/wp-json\/wp\/v2\/posts\/7302","targetHints":{"allow":["GET"]}}],"collection":[{"href":"https:\/\/nal3.com\/ca\/wp-json\/wp\/v2\/posts"}],"about":[{"href":"https:\/\/nal3.com\/ca\/wp-json\/wp\/v2\/types\/post"}],"author":[{"embeddable":true,"href":"https:\/\/nal3.com\/ca\/wp-json\/wp\/v2\/users\/2"}],"replies":[{"embeddable":true,"href":"https:\/\/nal3.com\/ca\/wp-json\/wp\/v2\/comments?post=7302"}],"version-history":[{"count":0,"href":"https:\/\/nal3.com\/ca\/wp-json\/wp\/v2\/posts\/7302\/revisions"}],"wp:featuredmedia":[{"embeddable":true,"href":"https:\/\/nal3.com\/ca\/wp-json\/wp\/v2\/media\/359132"}],"wp:attachment":[{"href":"https:\/\/nal3.com\/ca\/wp-json\/wp\/v2\/media?parent=7302"}],"wp:term":[{"taxonomy":"category","embeddable":true,"href":"https:\/\/nal3.com\/ca\/wp-json\/wp\/v2\/categories?post=7302"},{"taxonomy":"post_tag","embeddable":true,"href":"https:\/\/nal3.com\/ca\/wp-json\/wp\/v2\/tags?post=7302"}],"curies":[{"name":"wp","href":"https:\/\/api.w.org\/{rel}","templated":true}]}}