{"id":7324,"date":"2016-12-21T11:18:03","date_gmt":"2016-12-21T11:18:03","guid":{"rendered":"http:\/\/nal3.com\/que-te-a-veure-el-visual-content-amb-el-nadal\/"},"modified":"2023-01-14T16:34:18","modified_gmt":"2023-01-14T16:34:18","slug":"que-te-a-veure-el-visual-content-amb-el-nadal","status":"publish","type":"post","link":"https:\/\/nal3.com\/ca\/central-de-contenidos\/que-te-a-veure-el-visual-content-amb-el-nadal\/","title":{"rendered":"Qu\u00e8 t\u00e9 a veure el visual content amb el Nadal?"},"content":{"rendered":"<p><u>Autor: Oriol Conesa<\/u><\/p>\n<p>Si en aquestes setmanes passades cadasc\u00fa de nosaltres no ha rebut un m\u00ednim de 25 felicitacions nadalenques digitals, alguna cosa ha fallat. Tot i que abans s\u2019utilitzessin targetes que s\u2019enviaven per carta i ara el \u00e9s habitual siguin les ecards est\u00e0tiques o en moviment, <strong>la manera m\u00e9s estesa per transmetre els millors desitjos als altres han estat sempre les imatges<\/strong>. Amb m\u00e9s o menys encert en el disseny (alg\u00fa sap per qu\u00e8 encara no s\u2019han prohibit certes tipografies?), sembla assumit que les poques paraules que s\u2019utilitzen per Nadal s\u00f3n sempre les mateixes i que <strong>tot el protagonisme haur\u00e0 d\u2019entrar pels ulls<\/strong>.<\/p>\n<p>Potser haur\u00edem de buscar els motius en qu\u00e8, temps en\u00e7\u00e0, un pioner del <em>visual content<\/em> va imposar les seves tesis i, des d\u2019aleshores, el seu triomf aclaparador entre les ag\u00e8ncies de comunicaci\u00f3 ha deixat poc espai als qui prefereixen \u201cdeixar anar el rotllo\u201d. Hi ha qui encara escriu llargs missatges amb els seus pensaments, i fins i tot qui s\u2019atreveix a desgranar-los en un v\u00eddeo, per\u00f2 m\u00e9s d\u2019un destinatari no hi dedicar\u00e0 el temps suficient per processar tanta \u201cprofunditat\u201d i, inexorablement, aquestes missives acabaran a la carpeta de \u201cho llegeixo despr\u00e9s\u201d (per cert, alg\u00fa s\u2019ho llegeix?).<\/p>\n<p>Independentment de l\u2019allau de continguts digitals relacionats amb el Nadal (confesso que a mi s\u00ed que m\u2019agrada rebre felicitacions en aquestes dates, tamb\u00e9 la del banc), <strong>les virtuts del <em>visual content<\/em> s\u00f3n innegables<\/strong> (ra\u00f3 de l\u2019auge d\u2019Instagram davant de Facebook i Twitter?). El contingut escrit t\u00e9 la seva ra\u00f3 de ser, sobretot per millorar el SEO, per\u00f2 la veritat \u00e9s que <strong>quan es tracta de crear <em>engagement <\/em>entre el p\u00fablic i potenciar la conversi\u00f3, es necessita del m\u00e0rqueting visual.<\/strong> Algunes estad\u00edstiques ho certifiquen i ens poden ajudar a incorporar el visual content a la nostra estrat\u00e8gia de m\u00e0rqueting:<\/p>\n<p>&#8211; El 54% dels usuaris d\u2019internet han penjat una foto o v\u00eddeo original creat per ells mateixos. I gaireb\u00e9 la meitat dels usuaris d\u2019internet ha compartit una foto o v\u00eddeo de la xarxa.<\/p>\n<p>&#8211; El 52% dels professionals del m\u00e0rqueting consideren que el v\u00eddeo \u00e9s important per generar vendes i el 36% afirma que \u00e9s fonamental.<\/p>\n<p>Crear v\u00eddeos efica\u00e7os no \u00e9s feina f\u00e0cil i requereix assumir certs costos d\u2019edici\u00f3 i producci\u00f3. Si encara no est\u00e0s preparat, pots comen\u00e7ar amb infografies, mems, fotografies creatives i altres tipus de visual content que, sens dubte, seran \u00fatils per generar leads i incrementar les teves vendes.<\/p>\n<p>Mora: <strong>posa <em>visual content<\/em> a la teva vida<\/strong>, el Nadal t\u2019ho recorda. Cap d\u2019Any ha estat sempre \u00e8poca per pensar, fer un exercici d\u2019introspecci\u00f3 i tornar als valors m\u00e9s cabals. <strong>Doncs pensem-hi i incloguem el <em>visual content<\/em> entre els nostres prop\u00f2sits per al nou any<\/strong>. Sens dubte, amb les postals de Nadal ja vam fer el pas fa temps. Des de Nal3 et donem l\u2019empenteta.<\/p>\n<p>&nbsp;<\/p>\n","protected":false},"excerpt":{"rendered":"<p>Acabem de veure les festes m\u00e9s edulcorades de l\u2019any i (res que el m\u00e0rqueting de continguts no s\u00e0piga) es confirma el poder de les imatges per provocar emocions i transmetre missatges de pau i amor. \u00bfN\u2019abusem?<\/p>\n","protected":false},"author":2,"featured_media":359222,"comment_status":"open","ping_status":"open","sticky":false,"template":"","format":"standard","meta":{"_acf_changed":false,"footnotes":""},"categories":[617],"tags":[],"class_list":["post-7324","post","type-post","status-publish","format-standard","has-post-thumbnail","hentry","category-cas-destudi"],"acf":[],"_links":{"self":[{"href":"https:\/\/nal3.com\/ca\/wp-json\/wp\/v2\/posts\/7324","targetHints":{"allow":["GET"]}}],"collection":[{"href":"https:\/\/nal3.com\/ca\/wp-json\/wp\/v2\/posts"}],"about":[{"href":"https:\/\/nal3.com\/ca\/wp-json\/wp\/v2\/types\/post"}],"author":[{"embeddable":true,"href":"https:\/\/nal3.com\/ca\/wp-json\/wp\/v2\/users\/2"}],"replies":[{"embeddable":true,"href":"https:\/\/nal3.com\/ca\/wp-json\/wp\/v2\/comments?post=7324"}],"version-history":[{"count":0,"href":"https:\/\/nal3.com\/ca\/wp-json\/wp\/v2\/posts\/7324\/revisions"}],"wp:featuredmedia":[{"embeddable":true,"href":"https:\/\/nal3.com\/ca\/wp-json\/wp\/v2\/media\/359222"}],"wp:attachment":[{"href":"https:\/\/nal3.com\/ca\/wp-json\/wp\/v2\/media?parent=7324"}],"wp:term":[{"taxonomy":"category","embeddable":true,"href":"https:\/\/nal3.com\/ca\/wp-json\/wp\/v2\/categories?post=7324"},{"taxonomy":"post_tag","embeddable":true,"href":"https:\/\/nal3.com\/ca\/wp-json\/wp\/v2\/tags?post=7324"}],"curies":[{"name":"wp","href":"https:\/\/api.w.org\/{rel}","templated":true}]}}